{"id":970,"date":"2021-03-24T23:28:28","date_gmt":"2021-03-24T20:28:28","guid":{"rendered":"https:\/\/bilisimyildizlari.org.tr\/2023\/?p=970"},"modified":"2023-06-22T13:35:36","modified_gmt":"2023-06-22T10:35:36","slug":"gecmisten-gunumuze-bilisim-yildizlari","status":"publish","type":"post","link":"https:\/\/bilisimyildizlari.org.tr\/2023\/gecmisten-gunumuze-bilisim-yildizlari","title":{"rendered":"Ge\u00e7mi\u015ften G\u00fcn\u00fcm\u00fcze Bili\u015fim Y\u0131ld\u0131zlar\u0131"},"content":{"rendered":"\r\n<figure class=\"wp-block-gallery aligncenter has-nested-images columns-default is-cropped wp-block-gallery-1 is-layout-flex wp-block-gallery-is-layout-flex\">\r\n<figure class=\"wp-block-image size-large\"><a href=\"https:\/\/bilisimyildizlari.org.tr\/2023\/wp-content\/uploads\/sites\/8\/2021\/03\/Bilisim-Yildizlari-Toplu-Foto-01.jpg\"><img loading=\"lazy\" decoding=\"async\" width=\"935\" height=\"614\" data-id=\"974\" class=\"wp-image-974\" src=\"https:\/\/bilisimyildizlari.org.tr\/2023\/wp-content\/uploads\/sites\/8\/2021\/03\/Bilisim-Yildizlari-Toplu-Foto-01.jpg\" alt=\"\" srcset=\"https:\/\/bilisimyildizlari.org.tr\/2023\/wp-content\/uploads\/sites\/8\/2021\/03\/Bilisim-Yildizlari-Toplu-Foto-01.jpg 935w, https:\/\/bilisimyildizlari.org.tr\/2023\/wp-content\/uploads\/sites\/8\/2021\/03\/Bilisim-Yildizlari-Toplu-Foto-01-300x197.jpg 300w, https:\/\/bilisimyildizlari.org.tr\/2023\/wp-content\/uploads\/sites\/8\/2021\/03\/Bilisim-Yildizlari-Toplu-Foto-01-768x504.jpg 768w\" sizes=\"auto, (max-width: 935px) 100vw, 935px\" \/><\/a><\/figure>\r\n\r\n\r\n\r\n<figure class=\"wp-block-image size-large\"><a href=\"https:\/\/bilisimyildizlari.org.tr\/2023\/wp-content\/uploads\/sites\/8\/2021\/03\/Bilisim-Yildizlari-Toplu-Foto-03.jpg\"><img loading=\"lazy\" decoding=\"async\" width=\"1024\" height=\"530\" data-id=\"971\" class=\"wp-image-971\" src=\"https:\/\/bilisimyildizlari.org.tr\/2023\/wp-content\/uploads\/sites\/8\/2021\/03\/Bilisim-Yildizlari-Toplu-Foto-03-1024x530.jpg\" alt=\"\" srcset=\"https:\/\/bilisimyildizlari.org.tr\/2023\/wp-content\/uploads\/sites\/8\/2021\/03\/Bilisim-Yildizlari-Toplu-Foto-03-1024x530.jpg 1024w, https:\/\/bilisimyildizlari.org.tr\/2023\/wp-content\/uploads\/sites\/8\/2021\/03\/Bilisim-Yildizlari-Toplu-Foto-03-300x155.jpg 300w, https:\/\/bilisimyildizlari.org.tr\/2023\/wp-content\/uploads\/sites\/8\/2021\/03\/Bilisim-Yildizlari-Toplu-Foto-03-768x397.jpg 768w, https:\/\/bilisimyildizlari.org.tr\/2023\/wp-content\/uploads\/sites\/8\/2021\/03\/Bilisim-Yildizlari-Toplu-Foto-03.jpg 1100w\" sizes=\"auto, (max-width: 1024px) 100vw, 1024px\" \/><\/a><\/figure>\r\n\r\n\r\n\r\n<figure class=\"wp-block-image size-large\"><a href=\"https:\/\/bilisimyildizlari.org.tr\/2023\/wp-content\/uploads\/sites\/8\/2021\/03\/Bilisim-Yildizlari-Toplu-Foto-02.jpg\"><img loading=\"lazy\" decoding=\"async\" width=\"755\" height=\"307\" data-id=\"972\" class=\"wp-image-972\" src=\"https:\/\/bilisimyildizlari.org.tr\/2023\/wp-content\/uploads\/sites\/8\/2021\/03\/Bilisim-Yildizlari-Toplu-Foto-02.jpg\" alt=\"\" srcset=\"https:\/\/bilisimyildizlari.org.tr\/2023\/wp-content\/uploads\/sites\/8\/2021\/03\/Bilisim-Yildizlari-Toplu-Foto-02.jpg 755w, https:\/\/bilisimyildizlari.org.tr\/2023\/wp-content\/uploads\/sites\/8\/2021\/03\/Bilisim-Yildizlari-Toplu-Foto-02-300x122.jpg 300w\" sizes=\"auto, (max-width: 755px) 100vw, 755px\" \/><\/a><\/figure>\r\n<\/figure>\r\n\r\n\r\n\r\n<p>T\u00fcrkiye Bili\u015fim Derne\u011fi (TBD) \u0130stanbul \u015eubesi taraf\u0131ndan d\u00fczenlenen \u201cBili\u015fim Y\u0131ld\u0131zlar\u0131\u00a0e-D\u00f6n\u00fc\u015f\u00fcm Yar\u0131\u015fmas\u0131\u201d n\u0131n ilki 2009 y\u0131l\u0131nda d\u00fczenlenmi\u015f ve sonras\u0131nda her y\u0131l d\u00fczenlenmeye devam etmi\u015ftir. Bili\u015fim Y\u0131ld\u0131zlar\u0131 e-D\u00f6n\u00fc\u015f\u00fcm Yar\u0131\u015fmas\u0131, internet \u00fczerinde d\u00f6n\u00fc\u015f\u00fcm sa\u011flam\u0131\u015f, i\u015f yap\u0131s\u0131n\u0131 internet ortam\u0131na ta\u015f\u0131m\u0131\u015f farkl\u0131 web tabanl\u0131 projelerin ve kurumlar\u0131n daha iyi tan\u0131t\u0131lmas\u0131n\u0131, \u00f6rnek \u00e7\u00f6z\u00fcmleri i\u015f d\u00fcnyas\u0131yla tan\u0131\u015ft\u0131rmay\u0131 ve e-d\u00f6n\u00fc\u015f\u00fcme olan ilginin artmas\u0131n\u0131 sa\u011flamay\u0131 hedeflemektedir. Konusunda uzman ve tecr\u00fcbeli dan\u0131\u015fman ve j\u00fcrilerinin \u00f6nderli\u011finde ger\u00e7ekle\u015ftirilen Bili\u015fim Y\u0131ld\u0131zlar\u0131 e-D\u00f6n\u00fc\u015f\u00fcm Yar\u0131\u015fmas\u0131 ile T\u00fcrkiye\u2019de olu\u015fturulan ba\u015far\u0131l\u0131 internet e-d\u00f6n\u00fc\u015f\u00fcm \u00e7al\u0131\u015fmalar\u0131na farkl\u0131 kategorilerde \u00f6d\u00fcller verilmi\u015ftir.<\/p>\r\n\r\n\r\n\r\n<p>Y<strong>ar\u0131\u015fma herkese a\u00e7\u0131k !<br \/><\/strong>Bili\u015fim Y\u0131ld\u0131zlar\u0131 e-D\u00f6n\u00fc\u015f\u00fcm Yar\u0131\u015fmas\u0131\u2019 na, bili\u015fim yap\u0131s\u0131n\u0131 internet platformuyla b\u00fct\u00fcnle\u015ftirmi\u015f projelere sahip t\u00fcm web sitesi sahibi firma, kurum ya da ki\u015filer ve onlar\u0131n yetkili k\u0131ld\u0131klar\u0131 her ajans kat\u0131labiliyor.<\/p>\r\n\r\n\r\n\r\n<p>Gerek e-devlet taraf\u0131nda gerekse \u00f6zel sekt\u00f6rden hem b\u00fcy\u00fck hem k\u00fc\u00e7\u00fck kurulu\u015flar\u0131n heyecan verici projelerle kat\u0131ld\u0131\u011f\u0131 Bili\u015fim Y\u0131ld\u0131zlar\u0131 e-D\u00f6n\u00fc\u015f\u00fcm Yar\u0131\u015fmas\u0131\u2019nda j\u00fcri de\u011ferlendirmesinin yan\u0131 s\u0131ra, halk oylamas\u0131 da de\u011ferlendirmeye kat\u0131lmaktad\u0131r. B\u00f6ylece etkinli\u011fe, her seviyeden, daha b\u00fcy\u00fck bir internet kullan\u0131c\u0131s\u0131n\u0131n aktif olarak kat\u0131lmas\u0131 sa\u011flanmaktad\u0131r.<\/p>\r\n\r\n\r\n\r\n<p><strong>Kat\u0131l\u0131mc\u0131lara, uzman j\u00fcri \u00fcyelerinden dan\u0131\u015fmanl\u0131k alma f\u0131rsat\u0131 sunulmu\u015ftur.<br \/><\/strong>Kat\u0131lan her proje yar\u0131\u015fman\u0131n \u00e7e\u015fitli a\u015famalar\u0131nda J\u00fcriler\u2019 in de\u011ferlendirmelerini istatistiksel olarak g\u00f6rebiliyor, kendi projesini di\u011fer projelerin ortalamalar\u0131na g\u00f6re k\u0131yaslayabiliyor. Bu sayede kat\u0131l\u0131mc\u0131lara uzman, deneyimli ve tarafs\u0131z ki\u015filerden olu\u015fan J\u00fcri Kurulu taraf\u0131ndan bir yol haritas\u0131 da verilmi\u015f oluyor. Ayr\u0131ca, yar\u0131\u015fma sonras\u0131nda baz\u0131 kat\u0131l\u0131mc\u0131lara TBD etkinliklerinde projelerini anlatma f\u0131rsat\u0131 da veriliyor. B\u00f6ylece kat\u0131l\u0131mc\u0131lara sunulan tan\u0131t\u0131m f\u0131rsatlar\u0131yla, projelerin ve onu geli\u015ftiren firma ve ki\u015filerin bilinirli\u011fini art\u0131rmalar\u0131, dinleyici olarak kat\u0131lan ki\u015filerin ise e-D\u00f6n\u00fc\u015f\u00fcm i\u00e7in daha da cesaretlenmeleri sa\u011flanm\u0131\u015f oluyor.<\/p>\r\n\r\n\r\n\r\n<p><strong>Ge\u00e7mi\u015ften G\u00fcn\u00fcm\u00fcze Bili\u015fim Y\u0131ld\u0131zlar\u0131 Yar\u0131\u015fmalar\u0131<\/strong><\/p>\r\n\r\n\r\n\r\n<ul class=\"wp-block-list\">\r\n<li><a href=\"https:\/\/bilisimyildizlari.org.tr\/2022\/\">Bili\u015fim Y\u0131ld\u0131zlar\u0131 e-D\u00f6n\u00fc\u015f\u00fcm Yar\u0131\u015fmas\u0131 2022<\/a><\/li>\r\n<li><a href=\"https:\/\/bilisimyildizlari.org.tr\/2021\/\">Bili\u015fim Y\u0131ld\u0131zlar\u0131 e-D\u00f6n\u00fc\u015f\u00fcm Yar\u0131\u015fmas\u0131 2021<\/a><\/li>\r\n<li>Bili\u015fim Y\u0131ld\u0131zlar\u0131 e-D\u00f6n\u00fc\u015f\u00fcm Yar\u0131\u015fmas\u0131 2020<\/li>\r\n<li>Bili\u015fim Y\u0131ld\u0131zlar\u0131 e-D\u00f6n\u00fc\u015f\u00fcm Yar\u0131\u015fmas\u0131 2019<\/li>\r\n<li>Bili\u015fim Y\u0131ld\u0131zlar\u0131 e-D\u00f6n\u00fc\u015f\u00fcm Yar\u0131\u015fmas\u0131 2018<\/li>\r\n<li>Bili\u015fim Y\u0131ld\u0131zlar\u0131 e-D\u00f6n\u00fc\u015f\u00fcm Yar\u0131\u015fmas\u0131 2017<\/li>\r\n<li><a href=\"https:\/\/bilisimyildizlari.org.tr\/2016-bilisim-yildizlari-inovasyon-yarismasi\/\">Bili\u015fim Y\u0131ld\u0131zlar\u0131 e-D\u00f6n\u00fc\u015f\u00fcm Yar\u0131\u015fmas\u0131 2016<\/a><\/li>\r\n<li><a href=\"https:\/\/bilisimyildizlari.org.tr\/2015-bilisim-yildizlari-e-donusum-yarismasi\/\">Bili\u015fim Y\u0131ld\u0131zlar\u0131 e-D\u00f6n\u00fc\u015f\u00fcm Yar\u0131\u015fmas\u0131 2015<\/a><\/li>\r\n<li><a href=\"https:\/\/bilisimyildizlari.org.tr\/2014-bilisim-yildizlari-e-donusum-yarismasi\/\">Bili\u015fim Y\u0131ld\u0131zlar\u0131 e-D\u00f6n\u00fc\u015f\u00fcm Yar\u0131\u015fmas\u0131 2014<\/a><\/li>\r\n<li><a href=\"https:\/\/bilisimyildizlari.org.tr\/2013-bilisim-yildizlari-e-donusum-yarismasi\/\">Bili\u015fim Y\u0131ld\u0131zlar\u0131 e-D\u00f6n\u00fc\u015f\u00fcm Yar\u0131\u015fmas\u0131 2013<\/a><\/li>\r\n<li><a href=\"https:\/\/bilisimyildizlari.org.tr\/2012-bilisim-yildizlari-e-donusum-yarismasi\/\">Bili\u015fim Y\u0131ld\u0131zlar\u0131 e-D\u00f6n\u00fc\u015f\u00fcm Yar\u0131\u015fmas\u0131 2012<\/a><\/li>\r\n<li><a href=\"https:\/\/bilisimyildizlari.org.tr\/2011-bilisim-yildizlari-e-donusum-yarismasi\/\">Bili\u015fim Y\u0131ld\u0131zlar\u0131 e-D\u00f6n\u00fc\u015f\u00fcm Yar\u0131\u015fmas\u0131 2011<\/a><\/li>\r\n<li><a href=\"https:\/\/bilisimyildizlari.org.tr\/by-2010\/\">Bili\u015fim Y\u0131ld\u0131zlar\u0131 e-D\u00f6n\u00fc\u015f\u00fcm Yar\u0131\u015fmas\u0131 2010<\/a><\/li>\r\n<li><a href=\"https:\/\/bilisimyildizlari.org.tr\/2009-bilisim-yildizlari-e-donusum-yarismasi\/\">Bili\u015fim Y\u0131ld\u0131zlar\u0131 e-D\u00f6n\u00fc\u015f\u00fcm Yar\u0131\u015fmas\u0131 2009<\/a><\/li>\r\n<\/ul>\r\n\r\n\r\n\r\n<p>&nbsp;<\/p>\r\n","protected":false},"excerpt":{"rendered":"<p>T\u00fcrkiye Bili\u015fim Derne\u011fi (TBD) \u0130stanbul \u015eubesi taraf\u0131ndan d\u00fczenlenen \u201cBili\u015fim Y\u0131ld\u0131zlar\u0131\u00a0e-D\u00f6n\u00fc\u015f\u00fcm Yar\u0131\u015fmas\u0131\u201d n\u0131n ilki 2009 y\u0131l\u0131nda d\u00fczenlenmi\u015f ve sonras\u0131nda her y\u0131l d\u00fczenlenmeye devam etmi\u015ftir. Bili\u015fim Y\u0131ld\u0131zlar\u0131 e-D\u00f6n\u00fc\u015f\u00fcm Yar\u0131\u015fmas\u0131, internet \u00fczerinde d\u00f6n\u00fc\u015f\u00fcm sa\u011flam\u0131\u015f, i\u015f yap\u0131s\u0131n\u0131 internet ortam\u0131na ta\u015f\u0131m\u0131\u015f farkl\u0131 web tabanl\u0131 projelerin ve kurumlar\u0131n daha iyi tan\u0131t\u0131lmas\u0131n\u0131, \u00f6rnek \u00e7\u00f6z\u00fcmleri i\u015f d\u00fcnyas\u0131yla tan\u0131\u015ft\u0131rmay\u0131 ve e-d\u00f6n\u00fc\u015f\u00fcme olan ilginin artmas\u0131n\u0131 &hellip; <\/p>\n","protected":false},"author":3,"featured_media":974,"comment_status":"closed","ping_status":"closed","sticky":false,"template":"","format":"standard","meta":{"footnotes":""},"categories":[1],"tags":[14,15],"class_list":["post-970","post","type-post","status-publish","format-standard","has-post-thumbnail","hentry","category-genel","tag-bilisim-yildizlari-odulleri","tag-odul-alan-bilisim-yildizlari"],"yoast_head":"<!-- This site is optimized with the Yoast SEO plugin v27.5 - https:\/\/yoast.com\/product\/yoast-seo-wordpress\/ -->\n<title>Ge\u00e7mi\u015ften G\u00fcn\u00fcm\u00fcze Bili\u015fim Y\u0131ld\u0131zlar\u0131 - Bili\u015fim Y\u0131ld\u0131zlar\u0131 2023<\/title>\n<meta name=\"robots\" content=\"index, follow, max-snippet:-1, max-image-preview:large, max-video-preview:-1\" \/>\n<link rel=\"canonical\" href=\"https:\/\/bilisimyildizlari.org.tr\/2023\/gecmisten-gunumuze-bilisim-yildizlari\" \/>\n<meta property=\"og:locale\" content=\"tr_TR\" \/>\n<meta property=\"og:type\" content=\"article\" \/>\n<meta property=\"og:title\" content=\"Ge\u00e7mi\u015ften G\u00fcn\u00fcm\u00fcze Bili\u015fim Y\u0131ld\u0131zlar\u0131 - Bili\u015fim Y\u0131ld\u0131zlar\u0131 2023\" \/>\n<meta property=\"og:description\" content=\"T\u00fcrkiye Bili\u015fim Derne\u011fi (TBD) \u0130stanbul \u015eubesi taraf\u0131ndan d\u00fczenlenen \u201cBili\u015fim Y\u0131ld\u0131zlar\u0131\u00a0e-D\u00f6n\u00fc\u015f\u00fcm Yar\u0131\u015fmas\u0131\u201d n\u0131n ilki 2009 y\u0131l\u0131nda d\u00fczenlenmi\u015f ve sonras\u0131nda her y\u0131l d\u00fczenlenmeye devam etmi\u015ftir. Bili\u015fim Y\u0131ld\u0131zlar\u0131 e-D\u00f6n\u00fc\u015f\u00fcm Yar\u0131\u015fmas\u0131, internet \u00fczerinde d\u00f6n\u00fc\u015f\u00fcm sa\u011flam\u0131\u015f, i\u015f yap\u0131s\u0131n\u0131 internet ortam\u0131na ta\u015f\u0131m\u0131\u015f farkl\u0131 web tabanl\u0131 projelerin ve kurumlar\u0131n daha iyi tan\u0131t\u0131lmas\u0131n\u0131, \u00f6rnek \u00e7\u00f6z\u00fcmleri i\u015f d\u00fcnyas\u0131yla tan\u0131\u015ft\u0131rmay\u0131 ve e-d\u00f6n\u00fc\u015f\u00fcme olan ilginin artmas\u0131n\u0131 &hellip;\" \/>\n<meta property=\"og:url\" content=\"https:\/\/bilisimyildizlari.org.tr\/2023\/gecmisten-gunumuze-bilisim-yildizlari\" \/>\n<meta property=\"og:site_name\" content=\"Bili\u015fim Y\u0131ld\u0131zlar\u0131 2023\" \/>\n<meta property=\"article:published_time\" content=\"2021-03-24T20:28:28+00:00\" \/>\n<meta property=\"article:modified_time\" content=\"2023-06-22T10:35:36+00:00\" \/>\n<meta property=\"og:image\" content=\"https:\/\/bilisimyildizlari.org.tr\/2023\/wp-content\/uploads\/sites\/8\/2021\/03\/Bilisim-Yildizlari-Toplu-Foto-01.jpg\" \/>\n\t<meta property=\"og:image:width\" content=\"935\" \/>\n\t<meta property=\"og:image:height\" content=\"614\" \/>\n\t<meta property=\"og:image:type\" content=\"image\/jpeg\" \/>\n<meta name=\"author\" content=\"Cahit Cengizhan\" \/>\n<meta name=\"twitter:card\" content=\"summary_large_image\" \/>\n<meta name=\"twitter:label1\" content=\"Yazan:\" \/>\n\t<meta name=\"twitter:data1\" content=\"Cahit Cengizhan\" \/>\n\t<meta name=\"twitter:label2\" content=\"Tahmini okuma s\u00fcresi\" \/>\n\t<meta name=\"twitter:data2\" content=\"3 dakika\" \/>\n<script type=\"application\/ld+json\" class=\"yoast-schema-graph\">{\"@context\":\"https:\\\/\\\/schema.org\",\"@graph\":[{\"@type\":\"Article\",\"@id\":\"https:\\\/\\\/bilisimyildizlari.org.tr\\\/2023\\\/gecmisten-gunumuze-bilisim-yildizlari#article\",\"isPartOf\":{\"@id\":\"https:\\\/\\\/bilisimyildizlari.org.tr\\\/2023\\\/gecmisten-gunumuze-bilisim-yildizlari\"},\"author\":{\"name\":\"Cahit Cengizhan\",\"@id\":\"https:\\\/\\\/bilisimyildizlari.org.tr\\\/2023\\\/#\\\/schema\\\/person\\\/fed51e261e1dabbec321a98ff287c04d\"},\"headline\":\"Ge\u00e7mi\u015ften G\u00fcn\u00fcm\u00fcze Bili\u015fim Y\u0131ld\u0131zlar\u0131\",\"datePublished\":\"2021-03-24T20:28:28+00:00\",\"dateModified\":\"2023-06-22T10:35:36+00:00\",\"mainEntityOfPage\":{\"@id\":\"https:\\\/\\\/bilisimyildizlari.org.tr\\\/2023\\\/gecmisten-gunumuze-bilisim-yildizlari\"},\"wordCount\":577,\"publisher\":{\"@id\":\"https:\\\/\\\/bilisimyildizlari.org.tr\\\/2023\\\/#organization\"},\"image\":{\"@id\":\"https:\\\/\\\/bilisimyildizlari.org.tr\\\/2023\\\/gecmisten-gunumuze-bilisim-yildizlari#primaryimage\"},\"thumbnailUrl\":\"https:\\\/\\\/bilisimyildizlari.org.tr\\\/2023\\\/wp-content\\\/uploads\\\/sites\\\/8\\\/2021\\\/03\\\/Bilisim-Yildizlari-Toplu-Foto-01.jpg\",\"keywords\":[\"Bili\u015fim Y\u0131ld\u0131zlar\u0131 \u00d6d\u00fclleri\",\"\u00d6d\u00fcl alan bili\u015fim y\u0131ld\u0131zlar\u0131\"],\"inLanguage\":\"tr\"},{\"@type\":\"WebPage\",\"@id\":\"https:\\\/\\\/bilisimyildizlari.org.tr\\\/2023\\\/gecmisten-gunumuze-bilisim-yildizlari\",\"url\":\"https:\\\/\\\/bilisimyildizlari.org.tr\\\/2023\\\/gecmisten-gunumuze-bilisim-yildizlari\",\"name\":\"Ge\u00e7mi\u015ften G\u00fcn\u00fcm\u00fcze Bili\u015fim Y\u0131ld\u0131zlar\u0131 - Bili\u015fim Y\u0131ld\u0131zlar\u0131 2023\",\"isPartOf\":{\"@id\":\"https:\\\/\\\/bilisimyildizlari.org.tr\\\/2023\\\/#website\"},\"primaryImageOfPage\":{\"@id\":\"https:\\\/\\\/bilisimyildizlari.org.tr\\\/2023\\\/gecmisten-gunumuze-bilisim-yildizlari#primaryimage\"},\"image\":{\"@id\":\"https:\\\/\\\/bilisimyildizlari.org.tr\\\/2023\\\/gecmisten-gunumuze-bilisim-yildizlari#primaryimage\"},\"thumbnailUrl\":\"https:\\\/\\\/bilisimyildizlari.org.tr\\\/2023\\\/wp-content\\\/uploads\\\/sites\\\/8\\\/2021\\\/03\\\/Bilisim-Yildizlari-Toplu-Foto-01.jpg\",\"datePublished\":\"2021-03-24T20:28:28+00:00\",\"dateModified\":\"2023-06-22T10:35:36+00:00\",\"breadcrumb\":{\"@id\":\"https:\\\/\\\/bilisimyildizlari.org.tr\\\/2023\\\/gecmisten-gunumuze-bilisim-yildizlari#breadcrumb\"},\"inLanguage\":\"tr\",\"potentialAction\":[{\"@type\":\"ReadAction\",\"target\":[\"https:\\\/\\\/bilisimyildizlari.org.tr\\\/2023\\\/gecmisten-gunumuze-bilisim-yildizlari\"]}]},{\"@type\":\"ImageObject\",\"inLanguage\":\"tr\",\"@id\":\"https:\\\/\\\/bilisimyildizlari.org.tr\\\/2023\\\/gecmisten-gunumuze-bilisim-yildizlari#primaryimage\",\"url\":\"https:\\\/\\\/bilisimyildizlari.org.tr\\\/2023\\\/wp-content\\\/uploads\\\/sites\\\/8\\\/2021\\\/03\\\/Bilisim-Yildizlari-Toplu-Foto-01.jpg\",\"contentUrl\":\"https:\\\/\\\/bilisimyildizlari.org.tr\\\/2023\\\/wp-content\\\/uploads\\\/sites\\\/8\\\/2021\\\/03\\\/Bilisim-Yildizlari-Toplu-Foto-01.jpg\",\"width\":935,\"height\":614},{\"@type\":\"BreadcrumbList\",\"@id\":\"https:\\\/\\\/bilisimyildizlari.org.tr\\\/2023\\\/gecmisten-gunumuze-bilisim-yildizlari#breadcrumb\",\"itemListElement\":[{\"@type\":\"ListItem\",\"position\":1,\"name\":\"Anasayfa\",\"item\":\"https:\\\/\\\/bilisimyildizlari.org.tr\\\/2023\\\/\"},{\"@type\":\"ListItem\",\"position\":2,\"name\":\"Ge\u00e7mi\u015ften G\u00fcn\u00fcm\u00fcze Bili\u015fim Y\u0131ld\u0131zlar\u0131\"}]},{\"@type\":\"WebSite\",\"@id\":\"https:\\\/\\\/bilisimyildizlari.org.tr\\\/2023\\\/#website\",\"url\":\"https:\\\/\\\/bilisimyildizlari.org.tr\\\/2023\\\/\",\"name\":\"Bili\u015fim Y\u0131ld\u0131zlar\u0131 2023\",\"description\":\"TBD \u0130stanbul Bili\u015fim Y\u0131ld\u0131zlar\u0131 Yar\u0131\u015fmas\u0131\",\"publisher\":{\"@id\":\"https:\\\/\\\/bilisimyildizlari.org.tr\\\/2023\\\/#organization\"},\"potentialAction\":[{\"@type\":\"SearchAction\",\"target\":{\"@type\":\"EntryPoint\",\"urlTemplate\":\"https:\\\/\\\/bilisimyildizlari.org.tr\\\/2023\\\/?s={search_term_string}\"},\"query-input\":{\"@type\":\"PropertyValueSpecification\",\"valueRequired\":true,\"valueName\":\"search_term_string\"}}],\"inLanguage\":\"tr\"},{\"@type\":\"Organization\",\"@id\":\"https:\\\/\\\/bilisimyildizlari.org.tr\\\/2023\\\/#organization\",\"name\":\"Bili\u015fim Y\u0131ld\u0131zlar\u0131 2023\",\"url\":\"https:\\\/\\\/bilisimyildizlari.org.tr\\\/2023\\\/\",\"logo\":{\"@type\":\"ImageObject\",\"inLanguage\":\"tr\",\"@id\":\"https:\\\/\\\/bilisimyildizlari.org.tr\\\/2023\\\/#\\\/schema\\\/logo\\\/image\\\/\",\"url\":\"https:\\\/\\\/bilisimyildizlari.org.tr\\\/2023\\\/wp-content\\\/uploads\\\/sites\\\/8\\\/2022\\\/04\\\/TBD_ist_logo1.png\",\"contentUrl\":\"https:\\\/\\\/bilisimyildizlari.org.tr\\\/2023\\\/wp-content\\\/uploads\\\/sites\\\/8\\\/2022\\\/04\\\/TBD_ist_logo1.png\",\"width\":185,\"height\":80,\"caption\":\"Bili\u015fim Y\u0131ld\u0131zlar\u0131 2023\"},\"image\":{\"@id\":\"https:\\\/\\\/bilisimyildizlari.org.tr\\\/2023\\\/#\\\/schema\\\/logo\\\/image\\\/\"}},{\"@type\":\"Person\",\"@id\":\"https:\\\/\\\/bilisimyildizlari.org.tr\\\/2023\\\/#\\\/schema\\\/person\\\/fed51e261e1dabbec321a98ff287c04d\",\"name\":\"Cahit Cengizhan\",\"image\":{\"@type\":\"ImageObject\",\"inLanguage\":\"tr\",\"@id\":\"https:\\\/\\\/secure.gravatar.com\\\/avatar\\\/e58c51b7f5fed9e117d3dab879df8e46ef16fe8df14c0f68c886f4777ddc6f7c?s=96&d=mm&r=g\",\"url\":\"https:\\\/\\\/secure.gravatar.com\\\/avatar\\\/e58c51b7f5fed9e117d3dab879df8e46ef16fe8df14c0f68c886f4777ddc6f7c?s=96&d=mm&r=g\",\"contentUrl\":\"https:\\\/\\\/secure.gravatar.com\\\/avatar\\\/e58c51b7f5fed9e117d3dab879df8e46ef16fe8df14c0f68c886f4777ddc6f7c?s=96&d=mm&r=g\",\"caption\":\"Cahit Cengizhan\"},\"url\":\"https:\\\/\\\/bilisimyildizlari.org.tr\\\/2023\\\/author\\\/cahitcengizhan\"}]}<\/script>\n<!-- \/ Yoast SEO plugin. -->","yoast_head_json":{"title":"Ge\u00e7mi\u015ften G\u00fcn\u00fcm\u00fcze Bili\u015fim Y\u0131ld\u0131zlar\u0131 - Bili\u015fim Y\u0131ld\u0131zlar\u0131 2023","robots":{"index":"index","follow":"follow","max-snippet":"max-snippet:-1","max-image-preview":"max-image-preview:large","max-video-preview":"max-video-preview:-1"},"canonical":"https:\/\/bilisimyildizlari.org.tr\/2023\/gecmisten-gunumuze-bilisim-yildizlari","og_locale":"tr_TR","og_type":"article","og_title":"Ge\u00e7mi\u015ften G\u00fcn\u00fcm\u00fcze Bili\u015fim Y\u0131ld\u0131zlar\u0131 - Bili\u015fim Y\u0131ld\u0131zlar\u0131 2023","og_description":"T\u00fcrkiye Bili\u015fim Derne\u011fi (TBD) \u0130stanbul \u015eubesi taraf\u0131ndan d\u00fczenlenen \u201cBili\u015fim Y\u0131ld\u0131zlar\u0131\u00a0e-D\u00f6n\u00fc\u015f\u00fcm Yar\u0131\u015fmas\u0131\u201d n\u0131n ilki 2009 y\u0131l\u0131nda d\u00fczenlenmi\u015f ve sonras\u0131nda her y\u0131l d\u00fczenlenmeye devam etmi\u015ftir. Bili\u015fim Y\u0131ld\u0131zlar\u0131 e-D\u00f6n\u00fc\u015f\u00fcm Yar\u0131\u015fmas\u0131, internet \u00fczerinde d\u00f6n\u00fc\u015f\u00fcm sa\u011flam\u0131\u015f, i\u015f yap\u0131s\u0131n\u0131 internet ortam\u0131na ta\u015f\u0131m\u0131\u015f farkl\u0131 web tabanl\u0131 projelerin ve kurumlar\u0131n daha iyi tan\u0131t\u0131lmas\u0131n\u0131, \u00f6rnek \u00e7\u00f6z\u00fcmleri i\u015f d\u00fcnyas\u0131yla tan\u0131\u015ft\u0131rmay\u0131 ve e-d\u00f6n\u00fc\u015f\u00fcme olan ilginin artmas\u0131n\u0131 &hellip;","og_url":"https:\/\/bilisimyildizlari.org.tr\/2023\/gecmisten-gunumuze-bilisim-yildizlari","og_site_name":"Bili\u015fim Y\u0131ld\u0131zlar\u0131 2023","article_published_time":"2021-03-24T20:28:28+00:00","article_modified_time":"2023-06-22T10:35:36+00:00","og_image":[{"width":935,"height":614,"url":"https:\/\/bilisimyildizlari.org.tr\/2023\/wp-content\/uploads\/sites\/8\/2021\/03\/Bilisim-Yildizlari-Toplu-Foto-01.jpg","type":"image\/jpeg"}],"author":"Cahit Cengizhan","twitter_card":"summary_large_image","twitter_misc":{"Yazan:":"Cahit Cengizhan","Tahmini okuma s\u00fcresi":"3 dakika"},"schema":{"@context":"https:\/\/schema.org","@graph":[{"@type":"Article","@id":"https:\/\/bilisimyildizlari.org.tr\/2023\/gecmisten-gunumuze-bilisim-yildizlari#article","isPartOf":{"@id":"https:\/\/bilisimyildizlari.org.tr\/2023\/gecmisten-gunumuze-bilisim-yildizlari"},"author":{"name":"Cahit Cengizhan","@id":"https:\/\/bilisimyildizlari.org.tr\/2023\/#\/schema\/person\/fed51e261e1dabbec321a98ff287c04d"},"headline":"Ge\u00e7mi\u015ften G\u00fcn\u00fcm\u00fcze Bili\u015fim Y\u0131ld\u0131zlar\u0131","datePublished":"2021-03-24T20:28:28+00:00","dateModified":"2023-06-22T10:35:36+00:00","mainEntityOfPage":{"@id":"https:\/\/bilisimyildizlari.org.tr\/2023\/gecmisten-gunumuze-bilisim-yildizlari"},"wordCount":577,"publisher":{"@id":"https:\/\/bilisimyildizlari.org.tr\/2023\/#organization"},"image":{"@id":"https:\/\/bilisimyildizlari.org.tr\/2023\/gecmisten-gunumuze-bilisim-yildizlari#primaryimage"},"thumbnailUrl":"https:\/\/bilisimyildizlari.org.tr\/2023\/wp-content\/uploads\/sites\/8\/2021\/03\/Bilisim-Yildizlari-Toplu-Foto-01.jpg","keywords":["Bili\u015fim Y\u0131ld\u0131zlar\u0131 \u00d6d\u00fclleri","\u00d6d\u00fcl alan bili\u015fim y\u0131ld\u0131zlar\u0131"],"inLanguage":"tr"},{"@type":"WebPage","@id":"https:\/\/bilisimyildizlari.org.tr\/2023\/gecmisten-gunumuze-bilisim-yildizlari","url":"https:\/\/bilisimyildizlari.org.tr\/2023\/gecmisten-gunumuze-bilisim-yildizlari","name":"Ge\u00e7mi\u015ften G\u00fcn\u00fcm\u00fcze Bili\u015fim Y\u0131ld\u0131zlar\u0131 - Bili\u015fim Y\u0131ld\u0131zlar\u0131 2023","isPartOf":{"@id":"https:\/\/bilisimyildizlari.org.tr\/2023\/#website"},"primaryImageOfPage":{"@id":"https:\/\/bilisimyildizlari.org.tr\/2023\/gecmisten-gunumuze-bilisim-yildizlari#primaryimage"},"image":{"@id":"https:\/\/bilisimyildizlari.org.tr\/2023\/gecmisten-gunumuze-bilisim-yildizlari#primaryimage"},"thumbnailUrl":"https:\/\/bilisimyildizlari.org.tr\/2023\/wp-content\/uploads\/sites\/8\/2021\/03\/Bilisim-Yildizlari-Toplu-Foto-01.jpg","datePublished":"2021-03-24T20:28:28+00:00","dateModified":"2023-06-22T10:35:36+00:00","breadcrumb":{"@id":"https:\/\/bilisimyildizlari.org.tr\/2023\/gecmisten-gunumuze-bilisim-yildizlari#breadcrumb"},"inLanguage":"tr","potentialAction":[{"@type":"ReadAction","target":["https:\/\/bilisimyildizlari.org.tr\/2023\/gecmisten-gunumuze-bilisim-yildizlari"]}]},{"@type":"ImageObject","inLanguage":"tr","@id":"https:\/\/bilisimyildizlari.org.tr\/2023\/gecmisten-gunumuze-bilisim-yildizlari#primaryimage","url":"https:\/\/bilisimyildizlari.org.tr\/2023\/wp-content\/uploads\/sites\/8\/2021\/03\/Bilisim-Yildizlari-Toplu-Foto-01.jpg","contentUrl":"https:\/\/bilisimyildizlari.org.tr\/2023\/wp-content\/uploads\/sites\/8\/2021\/03\/Bilisim-Yildizlari-Toplu-Foto-01.jpg","width":935,"height":614},{"@type":"BreadcrumbList","@id":"https:\/\/bilisimyildizlari.org.tr\/2023\/gecmisten-gunumuze-bilisim-yildizlari#breadcrumb","itemListElement":[{"@type":"ListItem","position":1,"name":"Anasayfa","item":"https:\/\/bilisimyildizlari.org.tr\/2023\/"},{"@type":"ListItem","position":2,"name":"Ge\u00e7mi\u015ften G\u00fcn\u00fcm\u00fcze Bili\u015fim Y\u0131ld\u0131zlar\u0131"}]},{"@type":"WebSite","@id":"https:\/\/bilisimyildizlari.org.tr\/2023\/#website","url":"https:\/\/bilisimyildizlari.org.tr\/2023\/","name":"Bili\u015fim Y\u0131ld\u0131zlar\u0131 2023","description":"TBD \u0130stanbul Bili\u015fim Y\u0131ld\u0131zlar\u0131 Yar\u0131\u015fmas\u0131","publisher":{"@id":"https:\/\/bilisimyildizlari.org.tr\/2023\/#organization"},"potentialAction":[{"@type":"SearchAction","target":{"@type":"EntryPoint","urlTemplate":"https:\/\/bilisimyildizlari.org.tr\/2023\/?s={search_term_string}"},"query-input":{"@type":"PropertyValueSpecification","valueRequired":true,"valueName":"search_term_string"}}],"inLanguage":"tr"},{"@type":"Organization","@id":"https:\/\/bilisimyildizlari.org.tr\/2023\/#organization","name":"Bili\u015fim Y\u0131ld\u0131zlar\u0131 2023","url":"https:\/\/bilisimyildizlari.org.tr\/2023\/","logo":{"@type":"ImageObject","inLanguage":"tr","@id":"https:\/\/bilisimyildizlari.org.tr\/2023\/#\/schema\/logo\/image\/","url":"https:\/\/bilisimyildizlari.org.tr\/2023\/wp-content\/uploads\/sites\/8\/2022\/04\/TBD_ist_logo1.png","contentUrl":"https:\/\/bilisimyildizlari.org.tr\/2023\/wp-content\/uploads\/sites\/8\/2022\/04\/TBD_ist_logo1.png","width":185,"height":80,"caption":"Bili\u015fim Y\u0131ld\u0131zlar\u0131 2023"},"image":{"@id":"https:\/\/bilisimyildizlari.org.tr\/2023\/#\/schema\/logo\/image\/"}},{"@type":"Person","@id":"https:\/\/bilisimyildizlari.org.tr\/2023\/#\/schema\/person\/fed51e261e1dabbec321a98ff287c04d","name":"Cahit Cengizhan","image":{"@type":"ImageObject","inLanguage":"tr","@id":"https:\/\/secure.gravatar.com\/avatar\/e58c51b7f5fed9e117d3dab879df8e46ef16fe8df14c0f68c886f4777ddc6f7c?s=96&d=mm&r=g","url":"https:\/\/secure.gravatar.com\/avatar\/e58c51b7f5fed9e117d3dab879df8e46ef16fe8df14c0f68c886f4777ddc6f7c?s=96&d=mm&r=g","contentUrl":"https:\/\/secure.gravatar.com\/avatar\/e58c51b7f5fed9e117d3dab879df8e46ef16fe8df14c0f68c886f4777ddc6f7c?s=96&d=mm&r=g","caption":"Cahit Cengizhan"},"url":"https:\/\/bilisimyildizlari.org.tr\/2023\/author\/cahitcengizhan"}]}},"_links":{"self":[{"href":"https:\/\/bilisimyildizlari.org.tr\/2023\/wp-json\/wp\/v2\/posts\/970","targetHints":{"allow":["GET"]}}],"collection":[{"href":"https:\/\/bilisimyildizlari.org.tr\/2023\/wp-json\/wp\/v2\/posts"}],"about":[{"href":"https:\/\/bilisimyildizlari.org.tr\/2023\/wp-json\/wp\/v2\/types\/post"}],"author":[{"embeddable":true,"href":"https:\/\/bilisimyildizlari.org.tr\/2023\/wp-json\/wp\/v2\/users\/3"}],"replies":[{"embeddable":true,"href":"https:\/\/bilisimyildizlari.org.tr\/2023\/wp-json\/wp\/v2\/comments?post=970"}],"version-history":[{"count":8,"href":"https:\/\/bilisimyildizlari.org.tr\/2023\/wp-json\/wp\/v2\/posts\/970\/revisions"}],"predecessor-version":[{"id":1731,"href":"https:\/\/bilisimyildizlari.org.tr\/2023\/wp-json\/wp\/v2\/posts\/970\/revisions\/1731"}],"wp:featuredmedia":[{"embeddable":true,"href":"https:\/\/bilisimyildizlari.org.tr\/2023\/wp-json\/wp\/v2\/media\/974"}],"wp:attachment":[{"href":"https:\/\/bilisimyildizlari.org.tr\/2023\/wp-json\/wp\/v2\/media?parent=970"}],"wp:term":[{"taxonomy":"category","embeddable":true,"href":"https:\/\/bilisimyildizlari.org.tr\/2023\/wp-json\/wp\/v2\/categories?post=970"},{"taxonomy":"post_tag","embeddable":true,"href":"https:\/\/bilisimyildizlari.org.tr\/2023\/wp-json\/wp\/v2\/tags?post=970"}],"curies":[{"name":"wp","href":"https:\/\/api.w.org\/{rel}","templated":true}]}}