{"id":1961,"date":"2025-11-26T16:10:12","date_gmt":"2025-11-26T13:10:12","guid":{"rendered":"https:\/\/bilisimyildizlari.org.tr\/2025\/?p=1961"},"modified":"2025-11-26T16:59:20","modified_gmt":"2025-11-26T13:59:20","slug":"bilisim-yildizlari-2025-yerli-milli-ve-ozgun-projeler-sahneye-cikti","status":"publish","type":"post","link":"https:\/\/bilisimyildizlari.org.tr\/2025\/bilisim-yildizlari-2025-yerli-milli-ve-ozgun-projeler-sahneye-cikti","title":{"rendered":"Bili\u015fim Y\u0131ld\u0131zlar\u0131 2025: Yerli, Milli ve \u00d6zg\u00fcn Projeler Sahneye \u00c7\u0131kt\u0131"},"content":{"rendered":"\n<p>TBD \u0130stanbul \u015eubesi taraf\u0131ndan bu y\u0131l 12. kez d\u00fczenlenen <em>Bili\u015fim Y\u0131ld\u0131zlar\u0131 2025 Yerli, Milli ve \u00d6zg\u00fcn Proje Yar\u0131\u015fmas\u0131<\/em>, inovasyon ve teknolojinin gelece\u011fini \u015fekillendiren projeleri bir araya getirdi. Kamu kurumlar\u0131ndan \u00f6zel sekt\u00f6re, \u00fcniversitelerden teknopark ekosistemine kadar geni\u015f bir yelpazede geli\u015ftirilen yenilik\u00e7i \u00e7\u00f6z\u00fcmler, alan\u0131nda uzman j\u00fcri taraf\u0131ndan titizlikle de\u011ferlendirilerek \u00f6d\u00fcllendirildi.<\/p>\n\n\n\n<p>\u00d6d\u00fcl t\u00f6renine ev sahipli\u011fi yapan Akademi \u00dcsk\u00fcdar Genel M\u00fcd\u00fcr\u00fc Say\u0131n \u00c7a\u011fatay \u00c7avu\u015f\u2019a, \u00dcsk\u00fcdar Bilim Merkezi \u00e7al\u0131\u015fanlar\u0131na, yar\u0131\u015fman\u0131n de\u011ferli j\u00fcri \u00fcyelerine, \u00f6zverili \u00e7al\u0131\u015fmalar\u0131yla destek veren y\u00f6netim kurulu \u00fcyelerimize ve gen\u00e7 ekibimize te\u015fekk\u00fcr ederiz. Yar\u0131\u015fmam\u0131za katk\u0131 sunan t\u00fcm kurum ve ekipleri kutlar, \u00f6d\u00fcl kazanan projeleri y\u00fcrekten tebrik ederiz.<\/p>\n\n\n\n<p>\u00d6d\u00fcl t\u00f6reni sunumu TBD \u0130stanbul Y\u00f6netim Kurulu \u00dcyemiz \u0130stanbul \u00dcniversitesi \u0130ktisat Fak\u00fcltesi Y\u00f6netim Bili\u015fim Sistemleri B\u00f6l\u00fcm\u00fc \u00d6\u011fretim \u00dcyesi Do\u00e7. Dr. Elif Kartal taraf\u0131ndan ger\u00e7ekle\u015ftirilmi\u015ftir. T\u00f6renin a\u00e7\u0131l\u0131\u015f\u0131nda, Cumhuriyetimizin kurucusu Gazi Mustafa Kemal Atat\u00fcrk ve silah arkada\u015flar\u0131 ile t\u00fcm \u015fehit ve gazilerimizin an\u0131s\u0131na sayg\u0131 duru\u015funda bulunulmu\u015f ve ard\u0131ndan \u0130stikl\u00e2l Mar\u015f\u0131 okunmu\u015ftur.<\/p>\n\n\n\n<p>Yar\u0131\u015fman\u0131n a\u00e7\u0131l\u0131\u015f b\u00f6l\u00fcm\u00fc kapsam\u0131nda, yar\u0131\u015fman\u0131n amac\u0131na ve kapsam\u0131na ili\u015fkin bilgiler kat\u0131l\u0131mc\u0131lara aktar\u0131lm\u0131\u015f; T\u00fcrkiye Bili\u015fim Derne\u011fi\u2019nin 1971 y\u0131l\u0131ndan bu yana bili\u015fim k\u00fclt\u00fcr\u00fcn\u00fcn geli\u015fmesine y\u00f6nelik y\u00fcr\u00fctt\u00fc\u011f\u00fc kamu yarar\u0131na faaliyetler vurgulanm\u0131\u015ft\u0131r. Ayr\u0131ca yar\u0131\u015fman\u0131n, \u00f6zel sekt\u00f6r, Ar-Ge merkezleri, \u00fcniversiteler, teknopark\/teknokent firmalar\u0131, sivil toplum kurulu\u015flar\u0131 ve yerel y\u00f6netimler taraf\u0131ndan geli\u015ftirilen yerli, milli ve \u00f6zg\u00fcn projelerin g\u00f6r\u00fcn\u00fcr k\u0131l\u0131nmas\u0131n\u0131 hedefledi\u011fi belirtilmi\u015ftir. A\u00e7\u0131l\u0131\u015f b\u00f6l\u00fcm\u00fcn\u00fcn ard\u0131ndan, TBD \u0130stanbul \u015eubesi Y\u00f6netim Kurulu Ba\u015fkan\u0131 Say\u0131n Cemal K\u0131van\u00e7 \u00d6ner taraf\u0131ndan a\u00e7\u0131l\u0131\u015f konu\u015fmas\u0131 yap\u0131lm\u0131\u015f, sonras\u0131nda \u00f6d\u00fcl takdimine ge\u00e7ilmi\u015ftir.<\/p>\n\n\n\n<p>Bu y\u0131l\u0131n \u00f6d\u00fclleri, \u00fclkemizin yerli ve milli teknolojilere duydu\u011fu g\u00fc\u00e7l\u00fc inanc\u0131n somut bir yans\u0131mas\u0131 niteli\u011findedir. Yar\u0131\u015fmaya kat\u0131lan t\u00fcm ekipleri ba\u015far\u0131lar\u0131ndan dolay\u0131 kutluyor, \u00f6d\u00fcl kazanan projelerin \u00fclkemizin dijital d\u00f6n\u00fc\u015f\u00fcm\u00fcne ve inovasyon ekosistemine de\u011fer katmaya devam etmesini diliyoruz.<\/p>\n\n\n\n<hr class=\"wp-block-separator has-alpha-channel-opacity\"\/>\n\n\n\n<h2 class=\"wp-block-heading\"><strong>Mansiyon \u00d6d\u00fclleri<\/strong><\/h2>\n\n\n\n<ul class=\"wp-block-list\">\n<li><strong>Innosa Yaz\u0131l\u0131m Teknolojileri A.\u015e. \u2013 <\/strong><a href=\"https:\/\/bilisimyildizlari.org.tr\/2025\/afetnet-ai\">AfetNET-AI<\/a> (Ar-Ge Merkezi Olan \u00d6zel Sekt\u00f6r Firmalar\u0131)<\/li>\n\n\n\n<li><strong>HIST End\u00fcstriyel Sa\u011fl\u0131k \u00dcr\u00fcnleri A.\u015e. \u2013 <\/strong><a href=\"https:\/\/bilisimyildizlari.org.tr\/2025\/akilli-hasta-yatagi\">Ak\u0131ll\u0131 Hasta Yata\u011f\u0131<\/a> (Teknopark\/Teknokent Firmalar\u0131)<\/li>\n\n\n\n<li><strong>Vizja \u00dcniversitesi (Polonya) \u2013 <\/strong><a href=\"https:\/\/bilisimyildizlari.org.tr\/2025\/emberguard\">EmberGuard<\/a> (\u00dcniversiteler)<\/li>\n\n\n\n<li><strong>\u0130ETT \u2013 <\/strong><a href=\"https:\/\/bilisimyildizlari.org.tr\/2025\/ozel-metrobus-guvenli-surus-destek-sistemi\">Metrob\u00fcs G\u00fcvenli S\u00fcr\u00fc\u015f Destek Sistemi<\/a> (Yerel Y\u00f6netimler)<\/li>\n<\/ul>\n\n\n\n<hr class=\"wp-block-separator has-alpha-channel-opacity\"\/>\n\n\n\n<h2 class=\"wp-block-heading\"><strong>Nitelikli Kat\u0131l\u0131m \u00d6d\u00fclleri<\/strong><\/h2>\n\n\n\n<ul class=\"wp-block-list\">\n<li><strong>RTC Tec Ba\u011flant\u0131 Elemanlar\u0131 San. ve Tic. A.\u015e. \u2013 <\/strong><a href=\"https:\/\/bilisimyildizlari.org.tr\/2025\/aykap\">AYKAP<\/a><\/li>\n\n\n\n<li><strong>Yenilik\u00e7i \u0130mece Derne\u011fi (Y\u0130MEDER) \u2013 <\/strong><a href=\"https:\/\/bilisimyildizlari.org.tr\/2025\/uluslararasi-bilisimci-martilar-projesi\">Uluslararas\u0131 Bili\u015fimci Mart\u0131lar Projesi<\/a><\/li>\n<\/ul>\n\n\n\n<hr class=\"wp-block-separator has-alpha-channel-opacity\"\/>\n\n\n\n<h2 class=\"wp-block-heading\"><strong>\u00d6zel Sekt\u00f6r Firmalar\u0131 \u00d6d\u00fclleri<\/strong><\/h2>\n\n\n\n<ul class=\"wp-block-list\">\n<li><strong>3.\u2019l\u00fck:<\/strong> \u0130leti\u015fim Bilgisayar Yaz\u0131l\u0131m Sis. A.\u015e. \u2013 <em><a href=\"https:\/\/bilisimyildizlari.org.tr\/2025\/yapay-zeka-destekli-dinamik-raporlama-araci-managesql\">ManageSQL<\/a><\/em><\/li>\n\n\n\n<li><strong>2.\u2019lik:<\/strong> Ba\u015farsoft Bilgi Teknolojileri A.\u015e. \u2013 <em><a href=\"https:\/\/bilisimyildizlari.org.tr\/2025\/rotaban-personel-servis-guzergahlari-optimizasyon-uygulamasi\">Rotaban Optimizasyon Uygulamas<\/a>\u0131<\/em><\/li>\n\n\n\n<li><strong>1.\u2019lik:<\/strong> NETA\u015e \u2013 <em><a href=\"https:\/\/bilisimyildizlari.org.tr\/2025\/visium-farm\">Visium Farm<\/a><\/em><\/li>\n<\/ul>\n\n\n\n<hr class=\"wp-block-separator has-alpha-channel-opacity\"\/>\n\n\n\n<h2 class=\"wp-block-heading\"><strong>Yerel Y\u00f6netimler \u00d6d\u00fclleri<\/strong><\/h2>\n\n\n\n<ul class=\"wp-block-list\">\n<li><strong>3.\u2019l\u00fck:<\/strong> Konya Su ve Kanalizasyon \u0130daresi Genel M\u00fcd\u00fcrl\u00fc\u011f\u00fc \u2013 <em><a href=\"https:\/\/bilisimyildizlari.org.tr\/2025\/koski-cografi-bilgi-sistemleri-projesi\">KOSK\u0130 Co\u011frafi Bilgi Sistemleri Projesi<\/a><\/em><\/li>\n\n\n\n<li><strong>2.\u2019lik:<\/strong> \u0130ETT \u2013 <em><a href=\"https:\/\/bilisimyildizlari.org.tr\/2025\/smartsafe-mobility\">SmartSafe Mobility<\/a><\/em><\/li>\n\n\n\n<li><strong>1.\u2019lik:<\/strong> Mersin Yeni\u015fehir Belediyesi \u2013 <em><a href=\"https:\/\/bilisimyildizlari.org.tr\/2025\/mikroiklim-yenisehir-projesi\">Mikroiklim Yeni\u015fehir Projesi<\/a><\/em><\/li>\n<\/ul>\n\n\n\n<hr class=\"wp-block-separator has-alpha-channel-opacity\"\/>\n\n\n\n<h2 class=\"wp-block-heading\"><strong>Teknopark\/Teknokent Firmalar\u0131 \u00d6d\u00fclleri<\/strong><\/h2>\n\n\n\n<ul class=\"wp-block-list\">\n<li><strong>3.\u2019l\u00fck:<\/strong> Etcbase Yaz\u0131l\u0131m ve Bili\u015fim Teknolojileri A.\u015e. \u2013 <em><a href=\"https:\/\/bilisimyildizlari.org.tr\/2025\/ahtabot\">AHTABOT<\/a><\/em><\/li>\n\n\n\n<li><strong>2.\u2019lik:<\/strong> Rasyotek \u0130nsan Kaynaklar\u0131 Bili\u015fim A.\u015e. \u2013 <em><a href=\"https:\/\/bilisimyildizlari.org.tr\/2025\/rasyomed-yogun-bakim-bilgi-yonetim-sistemi\">Rasyomed Yo\u011fun Bak\u0131m Bilgi Y\u00f6netim Sistemi<\/a><\/em><\/li>\n\n\n\n<li><strong>1.\u2019lik:<\/strong> Nara E\u011fitim Teknolojileri A.\u015e. \u2013 <em><a href=\"https:\/\/bilisimyildizlari.org.tr\/2025\/nexarium-forklift-reach-truck-simulatoru\">Nexarium Forklift &amp; Reach Truck Sim\u00fclat\u00f6r\u00fc<\/a><\/em><\/li>\n<\/ul>\n\n\n\n<hr class=\"wp-block-separator has-alpha-channel-opacity\"\/>\n\n\n\n<h2 class=\"wp-block-heading\"><strong>\u00dcniversiteler \u00d6d\u00fcl\u00fc<\/strong><\/h2>\n\n\n\n<ul class=\"wp-block-list\">\n<li><strong>1.\u2019lik:<\/strong> \u0130stanbul \u00dcniversitesi \u2013 Cerrahpa\u015fa \u2013 <em><a href=\"https:\/\/bilisimyildizlari.org.tr\/2025\/ims-akilli-materyal-sistemi-ile-kapsayici-egitimde-dijital-donusum\">IMS: Ak\u0131ll\u0131 Materyal Sistemi<\/a><\/em><\/li>\n<\/ul>\n\n\n\n<p><\/p>\n","protected":false},"excerpt":{"rendered":"<p>TBD \u0130stanbul \u015eubesi taraf\u0131ndan bu y\u0131l 12. kez d\u00fczenlenen Bili\u015fim Y\u0131ld\u0131zlar\u0131 2025 Yerli, Milli ve \u00d6zg\u00fcn Proje Yar\u0131\u015fmas\u0131, inovasyon ve teknolojinin gelece\u011fini \u015fekillendiren projeleri bir araya getirdi. Kamu kurumlar\u0131ndan \u00f6zel sekt\u00f6re, \u00fcniversitelerden teknopark ekosistemine kadar geni\u015f bir yelpazede geli\u015ftirilen yenilik\u00e7i \u00e7\u00f6z\u00fcmler, alan\u0131nda uzman j\u00fcri taraf\u0131ndan titizlikle de\u011ferlendirilerek \u00f6d\u00fcllendirildi. \u00d6d\u00fcl t\u00f6renine ev sahipli\u011fi yapan Akademi \u00dcsk\u00fcdar &hellip; <\/p>\n","protected":false},"author":4,"featured_media":0,"comment_status":"closed","ping_status":"closed","sticky":false,"template":"","format":"standard","meta":{"footnotes":""},"categories":[1],"tags":[],"class_list":["post-1961","post","type-post","status-publish","format-standard","hentry","category-genel"],"yoast_head":"<!-- This site is optimized with the Yoast SEO plugin v27.5 - https:\/\/yoast.com\/product\/yoast-seo-wordpress\/ -->\n<title>Bili\u015fim Y\u0131ld\u0131zlar\u0131 2025: Yerli, Milli ve \u00d6zg\u00fcn Projeler Sahneye \u00c7\u0131kt\u0131 - Bili\u015fim Y\u0131ld\u0131zlar\u0131 2025<\/title>\n<meta name=\"robots\" content=\"index, follow, max-snippet:-1, max-image-preview:large, max-video-preview:-1\" \/>\n<link rel=\"canonical\" href=\"https:\/\/bilisimyildizlari.org.tr\/2025\/bilisim-yildizlari-2025-yerli-milli-ve-ozgun-projeler-sahneye-cikti\" \/>\n<meta property=\"og:locale\" content=\"tr_TR\" \/>\n<meta property=\"og:type\" content=\"article\" \/>\n<meta property=\"og:title\" content=\"Bili\u015fim Y\u0131ld\u0131zlar\u0131 2025: Yerli, Milli ve \u00d6zg\u00fcn Projeler Sahneye \u00c7\u0131kt\u0131 - Bili\u015fim Y\u0131ld\u0131zlar\u0131 2025\" \/>\n<meta property=\"og:description\" content=\"TBD \u0130stanbul \u015eubesi taraf\u0131ndan bu y\u0131l 12. kez d\u00fczenlenen Bili\u015fim Y\u0131ld\u0131zlar\u0131 2025 Yerli, Milli ve \u00d6zg\u00fcn Proje Yar\u0131\u015fmas\u0131, inovasyon ve teknolojinin gelece\u011fini \u015fekillendiren projeleri bir araya getirdi. Kamu kurumlar\u0131ndan \u00f6zel sekt\u00f6re, \u00fcniversitelerden teknopark ekosistemine kadar geni\u015f bir yelpazede geli\u015ftirilen yenilik\u00e7i \u00e7\u00f6z\u00fcmler, alan\u0131nda uzman j\u00fcri taraf\u0131ndan titizlikle de\u011ferlendirilerek \u00f6d\u00fcllendirildi. \u00d6d\u00fcl t\u00f6renine ev sahipli\u011fi yapan Akademi \u00dcsk\u00fcdar &hellip;\" \/>\n<meta property=\"og:url\" content=\"https:\/\/bilisimyildizlari.org.tr\/2025\/bilisim-yildizlari-2025-yerli-milli-ve-ozgun-projeler-sahneye-cikti\" \/>\n<meta property=\"og:site_name\" content=\"Bili\u015fim Y\u0131ld\u0131zlar\u0131 2025\" \/>\n<meta property=\"article:published_time\" content=\"2025-11-26T13:10:12+00:00\" \/>\n<meta property=\"article:modified_time\" content=\"2025-11-26T13:59:20+00:00\" \/>\n<meta name=\"author\" content=\"Elif KARTAL\" \/>\n<meta name=\"twitter:card\" content=\"summary_large_image\" \/>\n<meta name=\"twitter:label1\" content=\"Yazan:\" \/>\n\t<meta name=\"twitter:data1\" content=\"Elif KARTAL\" \/>\n\t<meta name=\"twitter:label2\" content=\"Tahmini okuma s\u00fcresi\" \/>\n\t<meta name=\"twitter:data2\" content=\"3 dakika\" \/>\n<script type=\"application\/ld+json\" class=\"yoast-schema-graph\">{\"@context\":\"https:\\\/\\\/schema.org\",\"@graph\":[{\"@type\":\"Article\",\"@id\":\"https:\\\/\\\/bilisimyildizlari.org.tr\\\/2025\\\/bilisim-yildizlari-2025-yerli-milli-ve-ozgun-projeler-sahneye-cikti#article\",\"isPartOf\":{\"@id\":\"https:\\\/\\\/bilisimyildizlari.org.tr\\\/2025\\\/bilisim-yildizlari-2025-yerli-milli-ve-ozgun-projeler-sahneye-cikti\"},\"author\":{\"name\":\"Elif KARTAL\",\"@id\":\"https:\\\/\\\/bilisimyildizlari.org.tr\\\/2025\\\/#\\\/schema\\\/person\\\/fcae4609469793c650e3885bb58aea3d\"},\"headline\":\"Bili\u015fim Y\u0131ld\u0131zlar\u0131 2025: Yerli, Milli ve \u00d6zg\u00fcn Projeler Sahneye \u00c7\u0131kt\u0131\",\"datePublished\":\"2025-11-26T13:10:12+00:00\",\"dateModified\":\"2025-11-26T13:59:20+00:00\",\"mainEntityOfPage\":{\"@id\":\"https:\\\/\\\/bilisimyildizlari.org.tr\\\/2025\\\/bilisim-yildizlari-2025-yerli-milli-ve-ozgun-projeler-sahneye-cikti\"},\"wordCount\":625,\"publisher\":{\"@id\":\"https:\\\/\\\/bilisimyildizlari.org.tr\\\/2025\\\/#organization\"},\"inLanguage\":\"tr\"},{\"@type\":\"WebPage\",\"@id\":\"https:\\\/\\\/bilisimyildizlari.org.tr\\\/2025\\\/bilisim-yildizlari-2025-yerli-milli-ve-ozgun-projeler-sahneye-cikti\",\"url\":\"https:\\\/\\\/bilisimyildizlari.org.tr\\\/2025\\\/bilisim-yildizlari-2025-yerli-milli-ve-ozgun-projeler-sahneye-cikti\",\"name\":\"Bili\u015fim Y\u0131ld\u0131zlar\u0131 2025: Yerli, Milli ve \u00d6zg\u00fcn Projeler Sahneye \u00c7\u0131kt\u0131 - Bili\u015fim Y\u0131ld\u0131zlar\u0131 2025\",\"isPartOf\":{\"@id\":\"https:\\\/\\\/bilisimyildizlari.org.tr\\\/2025\\\/#website\"},\"datePublished\":\"2025-11-26T13:10:12+00:00\",\"dateModified\":\"2025-11-26T13:59:20+00:00\",\"breadcrumb\":{\"@id\":\"https:\\\/\\\/bilisimyildizlari.org.tr\\\/2025\\\/bilisim-yildizlari-2025-yerli-milli-ve-ozgun-projeler-sahneye-cikti#breadcrumb\"},\"inLanguage\":\"tr\",\"potentialAction\":[{\"@type\":\"ReadAction\",\"target\":[\"https:\\\/\\\/bilisimyildizlari.org.tr\\\/2025\\\/bilisim-yildizlari-2025-yerli-milli-ve-ozgun-projeler-sahneye-cikti\"]}]},{\"@type\":\"BreadcrumbList\",\"@id\":\"https:\\\/\\\/bilisimyildizlari.org.tr\\\/2025\\\/bilisim-yildizlari-2025-yerli-milli-ve-ozgun-projeler-sahneye-cikti#breadcrumb\",\"itemListElement\":[{\"@type\":\"ListItem\",\"position\":1,\"name\":\"Anasayfa\",\"item\":\"https:\\\/\\\/bilisimyildizlari.org.tr\\\/2025\\\/\"},{\"@type\":\"ListItem\",\"position\":2,\"name\":\"Bili\u015fim Y\u0131ld\u0131zlar\u0131 2025: Yerli, Milli ve \u00d6zg\u00fcn Projeler Sahneye \u00c7\u0131kt\u0131\"}]},{\"@type\":\"WebSite\",\"@id\":\"https:\\\/\\\/bilisimyildizlari.org.tr\\\/2025\\\/#website\",\"url\":\"https:\\\/\\\/bilisimyildizlari.org.tr\\\/2025\\\/\",\"name\":\"Bili\u015fim Y\u0131ld\u0131zlar\u0131 2025\",\"description\":\"TBD \u0130stanbul Bili\u015fim Y\u0131ld\u0131zlar\u0131 Yar\u0131\u015fmas\u0131\",\"publisher\":{\"@id\":\"https:\\\/\\\/bilisimyildizlari.org.tr\\\/2025\\\/#organization\"},\"potentialAction\":[{\"@type\":\"SearchAction\",\"target\":{\"@type\":\"EntryPoint\",\"urlTemplate\":\"https:\\\/\\\/bilisimyildizlari.org.tr\\\/2025\\\/?s={search_term_string}\"},\"query-input\":{\"@type\":\"PropertyValueSpecification\",\"valueRequired\":true,\"valueName\":\"search_term_string\"}}],\"inLanguage\":\"tr\"},{\"@type\":\"Organization\",\"@id\":\"https:\\\/\\\/bilisimyildizlari.org.tr\\\/2025\\\/#organization\",\"name\":\"Bili\u015fim Y\u0131ld\u0131zlar\u0131 2025\",\"url\":\"https:\\\/\\\/bilisimyildizlari.org.tr\\\/2025\\\/\",\"logo\":{\"@type\":\"ImageObject\",\"inLanguage\":\"tr\",\"@id\":\"https:\\\/\\\/bilisimyildizlari.org.tr\\\/2025\\\/#\\\/schema\\\/logo\\\/image\\\/\",\"url\":\"https:\\\/\\\/bilisimyildizlari.org.tr\\\/2025\\\/wp-content\\\/uploads\\\/sites\\\/9\\\/2022\\\/04\\\/TBD_ist_logo1.png\",\"contentUrl\":\"https:\\\/\\\/bilisimyildizlari.org.tr\\\/2025\\\/wp-content\\\/uploads\\\/sites\\\/9\\\/2022\\\/04\\\/TBD_ist_logo1.png\",\"width\":185,\"height\":80,\"caption\":\"Bili\u015fim Y\u0131ld\u0131zlar\u0131 2025 \"},\"image\":{\"@id\":\"https:\\\/\\\/bilisimyildizlari.org.tr\\\/2025\\\/#\\\/schema\\\/logo\\\/image\\\/\"}},{\"@type\":\"Person\",\"@id\":\"https:\\\/\\\/bilisimyildizlari.org.tr\\\/2025\\\/#\\\/schema\\\/person\\\/fcae4609469793c650e3885bb58aea3d\",\"name\":\"Elif KARTAL\",\"image\":{\"@type\":\"ImageObject\",\"inLanguage\":\"tr\",\"@id\":\"https:\\\/\\\/secure.gravatar.com\\\/avatar\\\/54f15e4a0933d2b586aaaaa9681645ba1f424b54c02ac135f17973436964e226?s=96&d=mm&r=g\",\"url\":\"https:\\\/\\\/secure.gravatar.com\\\/avatar\\\/54f15e4a0933d2b586aaaaa9681645ba1f424b54c02ac135f17973436964e226?s=96&d=mm&r=g\",\"contentUrl\":\"https:\\\/\\\/secure.gravatar.com\\\/avatar\\\/54f15e4a0933d2b586aaaaa9681645ba1f424b54c02ac135f17973436964e226?s=96&d=mm&r=g\",\"caption\":\"Elif KARTAL\"},\"url\":\"https:\\\/\\\/bilisimyildizlari.org.tr\\\/2025\\\/author\\\/elif\"}]}<\/script>\n<!-- \/ Yoast SEO plugin. -->","yoast_head_json":{"title":"Bili\u015fim Y\u0131ld\u0131zlar\u0131 2025: Yerli, Milli ve \u00d6zg\u00fcn Projeler Sahneye \u00c7\u0131kt\u0131 - Bili\u015fim Y\u0131ld\u0131zlar\u0131 2025","robots":{"index":"index","follow":"follow","max-snippet":"max-snippet:-1","max-image-preview":"max-image-preview:large","max-video-preview":"max-video-preview:-1"},"canonical":"https:\/\/bilisimyildizlari.org.tr\/2025\/bilisim-yildizlari-2025-yerli-milli-ve-ozgun-projeler-sahneye-cikti","og_locale":"tr_TR","og_type":"article","og_title":"Bili\u015fim Y\u0131ld\u0131zlar\u0131 2025: Yerli, Milli ve \u00d6zg\u00fcn Projeler Sahneye \u00c7\u0131kt\u0131 - Bili\u015fim Y\u0131ld\u0131zlar\u0131 2025","og_description":"TBD \u0130stanbul \u015eubesi taraf\u0131ndan bu y\u0131l 12. kez d\u00fczenlenen Bili\u015fim Y\u0131ld\u0131zlar\u0131 2025 Yerli, Milli ve \u00d6zg\u00fcn Proje Yar\u0131\u015fmas\u0131, inovasyon ve teknolojinin gelece\u011fini \u015fekillendiren projeleri bir araya getirdi. Kamu kurumlar\u0131ndan \u00f6zel sekt\u00f6re, \u00fcniversitelerden teknopark ekosistemine kadar geni\u015f bir yelpazede geli\u015ftirilen yenilik\u00e7i \u00e7\u00f6z\u00fcmler, alan\u0131nda uzman j\u00fcri taraf\u0131ndan titizlikle de\u011ferlendirilerek \u00f6d\u00fcllendirildi. \u00d6d\u00fcl t\u00f6renine ev sahipli\u011fi yapan Akademi \u00dcsk\u00fcdar &hellip;","og_url":"https:\/\/bilisimyildizlari.org.tr\/2025\/bilisim-yildizlari-2025-yerli-milli-ve-ozgun-projeler-sahneye-cikti","og_site_name":"Bili\u015fim Y\u0131ld\u0131zlar\u0131 2025","article_published_time":"2025-11-26T13:10:12+00:00","article_modified_time":"2025-11-26T13:59:20+00:00","author":"Elif KARTAL","twitter_card":"summary_large_image","twitter_misc":{"Yazan:":"Elif KARTAL","Tahmini okuma s\u00fcresi":"3 dakika"},"schema":{"@context":"https:\/\/schema.org","@graph":[{"@type":"Article","@id":"https:\/\/bilisimyildizlari.org.tr\/2025\/bilisim-yildizlari-2025-yerli-milli-ve-ozgun-projeler-sahneye-cikti#article","isPartOf":{"@id":"https:\/\/bilisimyildizlari.org.tr\/2025\/bilisim-yildizlari-2025-yerli-milli-ve-ozgun-projeler-sahneye-cikti"},"author":{"name":"Elif KARTAL","@id":"https:\/\/bilisimyildizlari.org.tr\/2025\/#\/schema\/person\/fcae4609469793c650e3885bb58aea3d"},"headline":"Bili\u015fim Y\u0131ld\u0131zlar\u0131 2025: Yerli, Milli ve \u00d6zg\u00fcn Projeler Sahneye \u00c7\u0131kt\u0131","datePublished":"2025-11-26T13:10:12+00:00","dateModified":"2025-11-26T13:59:20+00:00","mainEntityOfPage":{"@id":"https:\/\/bilisimyildizlari.org.tr\/2025\/bilisim-yildizlari-2025-yerli-milli-ve-ozgun-projeler-sahneye-cikti"},"wordCount":625,"publisher":{"@id":"https:\/\/bilisimyildizlari.org.tr\/2025\/#organization"},"inLanguage":"tr"},{"@type":"WebPage","@id":"https:\/\/bilisimyildizlari.org.tr\/2025\/bilisim-yildizlari-2025-yerli-milli-ve-ozgun-projeler-sahneye-cikti","url":"https:\/\/bilisimyildizlari.org.tr\/2025\/bilisim-yildizlari-2025-yerli-milli-ve-ozgun-projeler-sahneye-cikti","name":"Bili\u015fim Y\u0131ld\u0131zlar\u0131 2025: Yerli, Milli ve \u00d6zg\u00fcn Projeler Sahneye \u00c7\u0131kt\u0131 - Bili\u015fim Y\u0131ld\u0131zlar\u0131 2025","isPartOf":{"@id":"https:\/\/bilisimyildizlari.org.tr\/2025\/#website"},"datePublished":"2025-11-26T13:10:12+00:00","dateModified":"2025-11-26T13:59:20+00:00","breadcrumb":{"@id":"https:\/\/bilisimyildizlari.org.tr\/2025\/bilisim-yildizlari-2025-yerli-milli-ve-ozgun-projeler-sahneye-cikti#breadcrumb"},"inLanguage":"tr","potentialAction":[{"@type":"ReadAction","target":["https:\/\/bilisimyildizlari.org.tr\/2025\/bilisim-yildizlari-2025-yerli-milli-ve-ozgun-projeler-sahneye-cikti"]}]},{"@type":"BreadcrumbList","@id":"https:\/\/bilisimyildizlari.org.tr\/2025\/bilisim-yildizlari-2025-yerli-milli-ve-ozgun-projeler-sahneye-cikti#breadcrumb","itemListElement":[{"@type":"ListItem","position":1,"name":"Anasayfa","item":"https:\/\/bilisimyildizlari.org.tr\/2025\/"},{"@type":"ListItem","position":2,"name":"Bili\u015fim Y\u0131ld\u0131zlar\u0131 2025: Yerli, Milli ve \u00d6zg\u00fcn Projeler Sahneye \u00c7\u0131kt\u0131"}]},{"@type":"WebSite","@id":"https:\/\/bilisimyildizlari.org.tr\/2025\/#website","url":"https:\/\/bilisimyildizlari.org.tr\/2025\/","name":"Bili\u015fim Y\u0131ld\u0131zlar\u0131 2025","description":"TBD \u0130stanbul Bili\u015fim Y\u0131ld\u0131zlar\u0131 Yar\u0131\u015fmas\u0131","publisher":{"@id":"https:\/\/bilisimyildizlari.org.tr\/2025\/#organization"},"potentialAction":[{"@type":"SearchAction","target":{"@type":"EntryPoint","urlTemplate":"https:\/\/bilisimyildizlari.org.tr\/2025\/?s={search_term_string}"},"query-input":{"@type":"PropertyValueSpecification","valueRequired":true,"valueName":"search_term_string"}}],"inLanguage":"tr"},{"@type":"Organization","@id":"https:\/\/bilisimyildizlari.org.tr\/2025\/#organization","name":"Bili\u015fim Y\u0131ld\u0131zlar\u0131 2025","url":"https:\/\/bilisimyildizlari.org.tr\/2025\/","logo":{"@type":"ImageObject","inLanguage":"tr","@id":"https:\/\/bilisimyildizlari.org.tr\/2025\/#\/schema\/logo\/image\/","url":"https:\/\/bilisimyildizlari.org.tr\/2025\/wp-content\/uploads\/sites\/9\/2022\/04\/TBD_ist_logo1.png","contentUrl":"https:\/\/bilisimyildizlari.org.tr\/2025\/wp-content\/uploads\/sites\/9\/2022\/04\/TBD_ist_logo1.png","width":185,"height":80,"caption":"Bili\u015fim Y\u0131ld\u0131zlar\u0131 2025 "},"image":{"@id":"https:\/\/bilisimyildizlari.org.tr\/2025\/#\/schema\/logo\/image\/"}},{"@type":"Person","@id":"https:\/\/bilisimyildizlari.org.tr\/2025\/#\/schema\/person\/fcae4609469793c650e3885bb58aea3d","name":"Elif KARTAL","image":{"@type":"ImageObject","inLanguage":"tr","@id":"https:\/\/secure.gravatar.com\/avatar\/54f15e4a0933d2b586aaaaa9681645ba1f424b54c02ac135f17973436964e226?s=96&d=mm&r=g","url":"https:\/\/secure.gravatar.com\/avatar\/54f15e4a0933d2b586aaaaa9681645ba1f424b54c02ac135f17973436964e226?s=96&d=mm&r=g","contentUrl":"https:\/\/secure.gravatar.com\/avatar\/54f15e4a0933d2b586aaaaa9681645ba1f424b54c02ac135f17973436964e226?s=96&d=mm&r=g","caption":"Elif KARTAL"},"url":"https:\/\/bilisimyildizlari.org.tr\/2025\/author\/elif"}]}},"_links":{"self":[{"href":"https:\/\/bilisimyildizlari.org.tr\/2025\/wp-json\/wp\/v2\/posts\/1961","targetHints":{"allow":["GET"]}}],"collection":[{"href":"https:\/\/bilisimyildizlari.org.tr\/2025\/wp-json\/wp\/v2\/posts"}],"about":[{"href":"https:\/\/bilisimyildizlari.org.tr\/2025\/wp-json\/wp\/v2\/types\/post"}],"author":[{"embeddable":true,"href":"https:\/\/bilisimyildizlari.org.tr\/2025\/wp-json\/wp\/v2\/users\/4"}],"replies":[{"embeddable":true,"href":"https:\/\/bilisimyildizlari.org.tr\/2025\/wp-json\/wp\/v2\/comments?post=1961"}],"version-history":[{"count":11,"href":"https:\/\/bilisimyildizlari.org.tr\/2025\/wp-json\/wp\/v2\/posts\/1961\/revisions"}],"predecessor-version":[{"id":2019,"href":"https:\/\/bilisimyildizlari.org.tr\/2025\/wp-json\/wp\/v2\/posts\/1961\/revisions\/2019"}],"wp:attachment":[{"href":"https:\/\/bilisimyildizlari.org.tr\/2025\/wp-json\/wp\/v2\/media?parent=1961"}],"wp:term":[{"taxonomy":"category","embeddable":true,"href":"https:\/\/bilisimyildizlari.org.tr\/2025\/wp-json\/wp\/v2\/categories?post=1961"},{"taxonomy":"post_tag","embeddable":true,"href":"https:\/\/bilisimyildizlari.org.tr\/2025\/wp-json\/wp\/v2\/tags?post=1961"}],"curies":[{"name":"wp","href":"https:\/\/api.w.org\/{rel}","templated":true}]}}